{"id":6226,"date":"2025-05-14T07:55:06","date_gmt":"2025-05-14T05:55:06","guid":{"rendered":"https:\/\/leadership.associates\/?post_type=success_stories&#038;p=6226"},"modified":"2025-05-14T09:26:49","modified_gmt":"2025-05-14T07:26:49","slug":"das-programm-bot-den-raum-wirklich-in-die-innere-kraft-zu-kommen","status":"publish","type":"success_stories","link":"https:\/\/leadership.associates\/de\/success_stories\/das-programm-bot-den-raum-wirklich-in-die-innere-kraft-zu-kommen\/","title":{"rendered":"Das Programm bot den Raum, wirklich in die innere Kraft zu kommen"},"content":{"rendered":"&#13;\n<p>Es war ein wirklich transformierendes und faszinierendes Leadership-Programm. Besonders f\u00fcr mich, die ich in einer multilateralen Organisation arbeite, wo man versucht, mehrere Ebenen, mehrere Perspektiven und mehrere Situationen in Einklang zu bringen, und dann kam eine sehr schnelle Dynamik und wirklich neue Herausforderungen aus allen Richtungen hinzu. Dieses Leadership-Programm hat es mir als F\u00fchrungskraft erm\u00f6glicht, mir wirklich eine Auszeit zu nehmen und viel tiefer \u00fcber einige der intrinsischen St\u00e4rken nachzudenken, aber nicht nur St\u00e4rken, sondern auch Vorurteile, Perspektiven, die ich untersuchen muss, und der Kurs hat wirklich gro\u00dfartige Werkzeuge und Beispiele geliefert. <strong>Wirklich Raum, um F\u00fchrung zu \u00fcben und sich auf die innere St\u00e4rke zu besinnen<\/strong>. Und um einige der Perspektiven zu verstehen, muss man sie in den Vordergrund stellen, um seine F\u00fchrungskraft wirklich zu st\u00e4rken. Es war nicht nur eine Reise der Transformation, sondern auch des Lernens und Verstehens von sich selbst als F\u00fchrungskraft. Und ich m\u00f6chte es vor allem denjenigen empfehlen, die in mehreren Kontexten und komplexen Situationen arbeiten.     <\/p>&#13;\n","protected":false},"excerpt":{"rendered":"<p>Es war ein wirklich transformierendes und faszinierendes Leadership-Programm. Besonders f\u00fcr mich, die ich in einer multilateralen Organisation arbeite, in der man versucht, mehrere Ebenen in Einklang zu bringen. <\/p>\n","protected":false},"featured_media":1175,"template":"","meta":{"_acf_changed":false,"site-sidebar-layout":"default","site-content-layout":"","ast-site-content-layout":"default","site-content-style":"default","site-sidebar-style":"default","ast-global-header-display":"","ast-banner-title-visibility":"","ast-main-header-display":"","ast-hfb-above-header-display":"","ast-hfb-below-header-display":"","ast-hfb-mobile-header-display":"","site-post-title":"","ast-breadcrumbs-content":"","ast-featured-img":"","footer-sml-layout":"","ast-disable-related-posts":"","theme-transparent-header-meta":"default","adv-header-id-meta":"","stick-header-meta":"","header-above-stick-meta":"","header-main-stick-meta":"","header-below-stick-meta":"","astra-migrate-meta-layouts":"default","ast-page-background-enabled":"default","ast-page-background-meta":{"desktop":{"background-color":"var(--ast-global-color-4)","background-image":"","background-repeat":"repeat","background-position":"center center","background-size":"auto","background-attachment":"scroll","background-type":"","background-media":"","overlay-type":"","overlay-color":"","overlay-opacity":"","overlay-gradient":""},"tablet":{"background-color":"","background-image":"","background-repeat":"repeat","background-position":"center center","background-size":"auto","background-attachment":"scroll","background-type":"","background-media":"","overlay-type":"","overlay-color":"","overlay-opacity":"","overlay-gradient":""},"mobile":{"background-color":"","background-image":"","background-repeat":"repeat","background-position":"center center","background-size":"auto","background-attachment":"scroll","background-type":"","background-media":"","overlay-type":"","overlay-color":"","overlay-opacity":"","overlay-gradient":""}},"ast-content-background-meta":{"desktop":{"background-color":"var(--ast-global-color-5)","background-image":"","background-repeat":"repeat","background-position":"center center","background-size":"auto","background-attachment":"scroll","background-type":"","background-media":"","overlay-type":"","overlay-color":"","overlay-opacity":"","overlay-gradient":""},"tablet":{"background-color":"var(--ast-global-color-5)","background-image":"","background-repeat":"repeat","background-position":"center center","background-size":"auto","background-attachment":"scroll","background-type":"","background-media":"","overlay-type":"","overlay-color":"","overlay-opacity":"","overlay-gradient":""},"mobile":{"background-color":"var(--ast-global-color-5)","background-image":"","background-repeat":"repeat","background-position":"center center","background-size":"auto","background-attachment":"scroll","background-type":"","background-media":"","overlay-type":"","overlay-color":"","overlay-opacity":"","overlay-gradient":""}}},"categories":[59,73,81],"tags":[61],"class_list":["post-6226","success_stories","type-success_stories","status-publish","has-post-thumbnail","hentry","category-coaching-neurocoaching-de","category-programm-fur-weibliche-fuhrungskrafte","category-vielfalt-gleichberechtigung-und-zugehorigkeit","tag-organisationen"],"acf":[],"_links":{"self":[{"href":"https:\/\/leadership.associates\/de\/wp-json\/wp\/v2\/success_stories\/6226","targetHints":{"allow":["GET"]}}],"collection":[{"href":"https:\/\/leadership.associates\/de\/wp-json\/wp\/v2\/success_stories"}],"about":[{"href":"https:\/\/leadership.associates\/de\/wp-json\/wp\/v2\/types\/success_stories"}],"wp:featuredmedia":[{"embeddable":true,"href":"https:\/\/leadership.associates\/de\/wp-json\/wp\/v2\/media\/1175"}],"wp:attachment":[{"href":"https:\/\/leadership.associates\/de\/wp-json\/wp\/v2\/media?parent=6226"}],"wp:term":[{"taxonomy":"category","embeddable":true,"href":"https:\/\/leadership.associates\/de\/wp-json\/wp\/v2\/categories?post=6226"},{"taxonomy":"post_tag","embeddable":true,"href":"https:\/\/leadership.associates\/de\/wp-json\/wp\/v2\/tags?post=6226"}],"curies":[{"name":"wp","href":"https:\/\/api.w.org\/{rel}","templated":true}]}}